{"id":2359,"date":"2026-01-22T07:00:26","date_gmt":"2026-01-22T06:00:26","guid":{"rendered":"https:\/\/www.partner-atos.de\/?p=2359"},"modified":"2026-03-19T00:46:07","modified_gmt":"2026-03-18T23:46:07","slug":"betriebsratswahlen-2026","status":"publish","type":"post","link":"https:\/\/www.partner-atos.de\/?p=2359","title":{"rendered":"Betriebsratswahlen 2026"},"content":{"rendered":"\n<p id=\"ember486\">Im Mai 2026 stehen wieder die Betriebsratswahlen bei Atos an \u2013 ein wichtiger Moment, der mit dar\u00fcber entscheidet, wie unser Arbeitsumfeld in den kommenden Jahren gestaltet wird.<\/p>\n\n\n\n<p id=\"ember487\">Wir wissen: Viele von Euch haben in der Vergangenheit nicht an den Wahlen teilgenommen \u2013 sei es aus Entt\u00e4uschung, Unentschlossenheit oder dem Gef\u00fchl, dass die eigene Stimme ohnehin nichts ver\u00e4ndert. Doch gerade jetzt ist es an der Zeit, diesen Eindruck zu \u00fcberdenken. <br>Denn: <strong>Nur wer mitw\u00e4hlt, bestimmt mit!<\/strong><\/p>\n\n\n\n<p id=\"ember488\"><strong>Warum w\u00e4hlen?<\/strong><\/p>\n\n\n\n<p id=\"ember489\">Der Betriebsrat hat direkte Auswirkungen auf unseren Arbeitsalltag \u2013 ob bei Arbeitszeitregelungen, Home-Office-Vereinbarungen, Restrukturierungen oder Sozialpl\u00e4nen. Ein Betriebsrat kann viel bewirken \u2013 im Guten wie im Schlechten. Deshalb ist es entscheidend, <strong>welche Vertreter ihr in dieses Gremium w\u00e4hlt<\/strong>.<\/p>\n\n\n\n<p id=\"ember490\"><strong>Warum <strong><mark style=\"background-color:rgba(0, 0, 0, 0);color:#ff9900\" class=\"has-inline-color\">partner@Atos<\/mark><\/strong>?<\/strong><\/p>\n\n\n\n<p id=\"ember491\"><strong>Partner@Atos<\/strong> steht f\u00fcr eine sachorientierte, konstruktive Interessenvertretung \u2013 <strong>von Kolleginnen und Kollegen f\u00fcr Kolleginnen und Kollegen<\/strong>. Wir kennen die t\u00e4gliche Realit\u00e4t bei Atos aus erster Hand und setzen auf <strong>Dialog statt Konfrontation<\/strong>, auf <strong>L\u00f6sungen statt Ideologie<\/strong>.<\/p>\n\n\n\n<p id=\"ember492\"><strong><strong><mark style=\"background-color:rgba(0, 0, 0, 0)\" class=\"has-inline-color has-luminous-vivid-orange-color\"><strong><strong><mark style=\"background-color:rgba(0, 0, 0, 0);color:#ff9900\" class=\"has-inline-color\">partner@Atos<\/mark><\/strong><\/strong><\/mark><\/strong><\/strong> steht f\u00fcr:<\/p>\n\n\n\n<p><strong>Unabh\u00e4ngigkeit<\/strong><br><strong>Transparente Kommunikation<\/strong><br><strong>Pragmatische L\u00f6sungen<\/strong><br><strong>Konstruktive Zusammenarbeit mit dem Management, wenn sinnvoll \u2013 aber klare Kante, wenn n\u00f6tig<\/strong><\/p>\n\n\n\n<p id=\"ember494\"><strong>Deine Stimme macht den Unterschied!<\/strong><\/p>\n\n\n\n<p id=\"ember495\">Gerade diejenigen, die bisher nicht w\u00e4hlen gegangen sind, k\u00f6nnten den entscheidenden Unterschied machen. <strong>Wenn Du m\u00f6chtest, dass sich wirklich etwas ver\u00e4ndert \u2013 dann gehe w\u00e4hlen.<\/strong><\/p>\n\n\n\n<p id=\"ember496\"><strong>W\u00e4hle <strong><mark style=\"background-color:rgba(0, 0, 0, 0)\" class=\"has-inline-color has-luminous-vivid-orange-color\"><strong><strong><mark style=\"background-color:rgba(0, 0, 0, 0);color:#ff9900\" class=\"has-inline-color\">partner@Atos<\/mark><\/strong><\/strong><\/mark><\/strong> \u2013 f\u00fcr einen Betriebsrat, der zuh\u00f6rt, versteht und handelt!<\/strong><\/p>\n\n\n\n<p id=\"ember497\">Lasst uns gemeinsam die Weichen f\u00fcr eine konstruktive, faire und zukunftsorientierte Mitbestimmung bei Atos stellen!<br><br>Besuche uns auch auf LinkedIn.<\/p>\n\n\n\n<figure class=\"wp-block-image size-full is-resized\"><a href=\"https:\/\/www.linkedin.com\/in\/christoph-dorn-ba1888263\/recent-activity\/all\/\"><img loading=\"lazy\" decoding=\"async\" width=\"30\" height=\"31\" src=\"https:\/\/www.partner-atos.de\/wp-content\/uploads\/2025\/02\/LinkedIn-Logo-30x30-1.jpg\" alt=\"\" class=\"wp-image-1973\" style=\"width:42px;height:auto\"\/><\/a><\/figure>\n\n\n\n<p id=\"ember497\"><\/p>\n","protected":false},"excerpt":{"rendered":"<p>Im Mai 2026 stehen wieder die Betriebsratswahlen bei Atos an \u2013 ein wichtiger Moment, der mit dar\u00fcber entscheidet, wie unser Arbeitsumfeld in den kommenden Jahren gestaltet wird. Wir wissen: Viele von Euch haben in der Vergangenheit nicht an den Wahlen teilgenommen \u2013 sei es aus Entt\u00e4uschung, Unentschlossenheit oder dem Gef\u00fchl, dass die eigene Stimme ohnehin &hellip; <\/p>\n<p class=\"link-more\"><a href=\"https:\/\/www.partner-atos.de\/?p=2359\" class=\"more-link\"><span class=\"screen-reader-text\">\u201eBetriebsratswahlen 2026\u201c <\/span>weiterlesen<\/a><\/p>\n","protected":false},"author":4,"featured_media":0,"comment_status":"closed","ping_status":"closed","sticky":false,"template":"","format":"standard","meta":{"footnotes":""},"categories":[1],"tags":[],"class_list":["post-2359","post","type-post","status-publish","format-standard","hentry","category-allgemein"],"_links":{"self":[{"href":"https:\/\/www.partner-atos.de\/index.php?rest_route=\/wp\/v2\/posts\/2359","targetHints":{"allow":["GET"]}}],"collection":[{"href":"https:\/\/www.partner-atos.de\/index.php?rest_route=\/wp\/v2\/posts"}],"about":[{"href":"https:\/\/www.partner-atos.de\/index.php?rest_route=\/wp\/v2\/types\/post"}],"author":[{"embeddable":true,"href":"https:\/\/www.partner-atos.de\/index.php?rest_route=\/wp\/v2\/users\/4"}],"replies":[{"embeddable":true,"href":"https:\/\/www.partner-atos.de\/index.php?rest_route=%2Fwp%2Fv2%2Fcomments&post=2359"}],"version-history":[{"count":4,"href":"https:\/\/www.partner-atos.de\/index.php?rest_route=\/wp\/v2\/posts\/2359\/revisions"}],"predecessor-version":[{"id":2451,"href":"https:\/\/www.partner-atos.de\/index.php?rest_route=\/wp\/v2\/posts\/2359\/revisions\/2451"}],"wp:attachment":[{"href":"https:\/\/www.partner-atos.de\/index.php?rest_route=%2Fwp%2Fv2%2Fmedia&parent=2359"}],"wp:term":[{"taxonomy":"category","embeddable":true,"href":"https:\/\/www.partner-atos.de\/index.php?rest_route=%2Fwp%2Fv2%2Fcategories&post=2359"},{"taxonomy":"post_tag","embeddable":true,"href":"https:\/\/www.partner-atos.de\/index.php?rest_route=%2Fwp%2Fv2%2Ftags&post=2359"}],"curies":[{"name":"wp","href":"https:\/\/api.w.org\/{rel}","templated":true}]}}