{"id":2336,"date":"2025-11-13T08:10:53","date_gmt":"2025-11-13T07:10:53","guid":{"rendered":"https:\/\/www.partner-atos.de\/?p=2336"},"modified":"2026-03-19T00:46:45","modified_gmt":"2026-03-18T23:46:45","slug":"bundeskabinett-beschliesst-gesetzentwurf-zum-kritis-dachgesetz","status":"publish","type":"post","link":"https:\/\/www.partner-atos.de\/?p=2336","title":{"rendered":"Bundeskabinett beschlie\u00dft Gesetzentwurf zum KRITIS-Dachgesetz"},"content":{"rendered":"\n<p id=\"ember979\">Ein mutma\u00dflicher Brandanschlag auf zwei Hochspannungsmasten im Berliner S\u00fcdosten hat k\u00fcrzlich gezeigt, wie verletzlich Deutschlands kritische Infrastruktur ist. Viele Betriebe (darunter auch unser Standort), rund 50.000 Haushalte, Schulen, Pflegeheime und Feuerwehrwachen waren betroffen \u2013 ein Vorgeschmack darauf, was im Ernstfall passieren kann. Unter \u201ekritischer Infrastruktur\u201c versteht man alle Systeme, deren Ausfall die \u00f6ffentliche Sicherheit oder Versorgung gef\u00e4hrden w\u00fcrde: Energie, Wasser, Verkehr, Telekommunikation oder Gesundheitswesen. Angriffe k\u00f6nnen dabei vielf\u00e4ltige Ursachen haben \u2013 von Sabotage und Cyberattacken \u00fcber Naturkatastrophen bis hin zu technischen Defekten oder menschlichem Versagen.<\/p>\n\n\n\n<p id=\"ember980\">Der Staat reagiert auf diese wachsende Bedrohung mit einem neuen Gesetz, dem sogenannten <a href=\"https:\/\/www.bmi.bund.de\/SharedDocs\/pressemitteilungen\/DE\/2025\/09\/kritis-dg-kabinett.html\"><strong>KRITIS-Dachgesetz<\/strong><\/a>. Es soll erstmals klare Zust\u00e4ndigkeiten zwischen Staat und privaten Betreibern schaffen und die Resilienz kritischer Einrichtungen deutlich erh\u00f6hen. K\u00fcnftig sollen Unternehmen, die f\u00fcr die Versorgung von mehr als 500.000 Menschen verantwortlich sind, regelm\u00e4\u00dfige Risikoanalysen durchf\u00fchren und Notfall- sowie Resilienzpl\u00e4ne vorlegen.<\/p>\n\n\n\n<p id=\"ember981\">Bislang gelten Schutzvorgaben nur f\u00fcr rund 4.000 gr\u00f6\u00dfere Betreiber \u2013 viele kleinere Wasserwerke oder Krankenh\u00e4user bleiben au\u00dfen vor. Das neue Gesetz will diese L\u00fccke schlie\u00dfen und eine einheitliche Sicherheitsarchitektur schaffen. Vollst\u00e4ndig verhindern lassen sich Angriffe jedoch nicht. Ziel ist es vielmehr, die Systeme so widerstandsf\u00e4hig zu machen, dass einzelne Ausf\u00e4lle keine Kettenreaktion ausl\u00f6sen.<\/p>\n\n\n\n<p id=\"ember982\">In einer zunehmend vernetzten und digitalisierten Welt ist Schutz nicht mehr allein eine technische, sondern auch eine organisatorische und politische Aufgabe. Deutschlands kritische Infrastruktur muss lernen, nicht nur sicher, sondern auch anpassungsf\u00e4hig zu sein \u2013 damit aus einem Angriff keine Krise wird.<br><br>Besuche uns auch auf LinkedIn.<\/p>\n\n\n\n<figure class=\"wp-block-image size-full is-resized\"><a href=\"https:\/\/www.linkedin.com\/in\/christoph-dorn-ba1888263\/recent-activity\/all\/\"><img loading=\"lazy\" decoding=\"async\" width=\"30\" height=\"31\" src=\"https:\/\/www.partner-atos.de\/wp-content\/uploads\/2025\/02\/LinkedIn-Logo-30x30-1.jpg\" alt=\"\" class=\"wp-image-1973\" style=\"width:42px;height:auto\"\/><\/a><\/figure>\n\n\n\n<p id=\"ember982\"><\/p>\n","protected":false},"excerpt":{"rendered":"<p>Ein mutma\u00dflicher Brandanschlag auf zwei Hochspannungsmasten im Berliner S\u00fcdosten hat k\u00fcrzlich gezeigt, wie verletzlich Deutschlands kritische Infrastruktur ist. Viele Betriebe (darunter auch unser Standort), rund 50.000 Haushalte, Schulen, Pflegeheime und Feuerwehrwachen waren betroffen \u2013 ein Vorgeschmack darauf, was im Ernstfall passieren kann. Unter \u201ekritischer Infrastruktur\u201c versteht man alle Systeme, deren Ausfall die \u00f6ffentliche Sicherheit oder &hellip; <\/p>\n<p class=\"link-more\"><a href=\"https:\/\/www.partner-atos.de\/?p=2336\" class=\"more-link\"><span class=\"screen-reader-text\">\u201eBundeskabinett beschlie\u00dft Gesetzentwurf zum KRITIS-Dachgesetz\u201c <\/span>weiterlesen<\/a><\/p>\n","protected":false},"author":4,"featured_media":0,"comment_status":"closed","ping_status":"closed","sticky":false,"template":"","format":"standard","meta":{"footnotes":""},"categories":[1],"tags":[],"class_list":["post-2336","post","type-post","status-publish","format-standard","hentry","category-allgemein"],"_links":{"self":[{"href":"https:\/\/www.partner-atos.de\/index.php?rest_route=\/wp\/v2\/posts\/2336","targetHints":{"allow":["GET"]}}],"collection":[{"href":"https:\/\/www.partner-atos.de\/index.php?rest_route=\/wp\/v2\/posts"}],"about":[{"href":"https:\/\/www.partner-atos.de\/index.php?rest_route=\/wp\/v2\/types\/post"}],"author":[{"embeddable":true,"href":"https:\/\/www.partner-atos.de\/index.php?rest_route=\/wp\/v2\/users\/4"}],"replies":[{"embeddable":true,"href":"https:\/\/www.partner-atos.de\/index.php?rest_route=%2Fwp%2Fv2%2Fcomments&post=2336"}],"version-history":[{"count":2,"href":"https:\/\/www.partner-atos.de\/index.php?rest_route=\/wp\/v2\/posts\/2336\/revisions"}],"predecessor-version":[{"id":2338,"href":"https:\/\/www.partner-atos.de\/index.php?rest_route=\/wp\/v2\/posts\/2336\/revisions\/2338"}],"wp:attachment":[{"href":"https:\/\/www.partner-atos.de\/index.php?rest_route=%2Fwp%2Fv2%2Fmedia&parent=2336"}],"wp:term":[{"taxonomy":"category","embeddable":true,"href":"https:\/\/www.partner-atos.de\/index.php?rest_route=%2Fwp%2Fv2%2Fcategories&post=2336"},{"taxonomy":"post_tag","embeddable":true,"href":"https:\/\/www.partner-atos.de\/index.php?rest_route=%2Fwp%2Fv2%2Ftags&post=2336"}],"curies":[{"name":"wp","href":"https:\/\/api.w.org\/{rel}","templated":true}]}}