{"id":2263,"date":"2025-08-05T08:28:11","date_gmt":"2025-08-05T06:28:11","guid":{"rendered":"https:\/\/www.partner-atos.de\/?p=2263"},"modified":"2025-08-26T08:09:13","modified_gmt":"2025-08-26T06:09:13","slug":"entlassung-durch-zu-haeufige-kurzerkrankungen","status":"publish","type":"post","link":"https:\/\/www.partner-atos.de\/?p=2263","title":{"rendered":"Entlassung durch zu h\u00e4ufige Kurzerkrankungen"},"content":{"rendered":"\n<p>Das Landesarbeitsgericht Mainz hat entschieden, dass h\u00e4ufige Kurzerkrankungen eine personenbedingte K\u00fcndigung rechtfertigen k\u00f6nnen. Im konkreten Fall hatte ein Arbeitnehmer \u00fcber drei Jahre hinweg insgesamt 166 Krankheitstage angesammelt. Das Gericht sah darin eine negative Gesundheitsprognose und eine unzumutbare wirtschaftliche Belastung f\u00fcr den Arbeitgeber.<\/p>\n\n\n\n<p><\/p>\n\n\n\n<p>Lies mehr dar\u00fcber bei LinkedIn.<\/p>\n\n\n\n<figure class=\"wp-block-image size-full\"><a href=\"https:\/\/www.linkedin.com\/posts\/konrad-schuhmann-1574702a9_urteil-zu-krankheit-und-k%C3%BCndigung-wann-h%C3%A4ufige-activity-7358376249397846017-M1c4?utm_source=share&amp;utm_medium=member_desktop&amp;rcm=ACoAAEpI99MBoG-XqkC_VdkSo5y6LkUV5cLQFsw\"><img loading=\"lazy\" decoding=\"async\" width=\"30\" height=\"31\" src=\"https:\/\/www.partner-atos.de\/wp-content\/uploads\/2025\/02\/LinkedIn-Logo-30x30-1.jpg\" alt=\"\" class=\"wp-image-1973\"\/><\/a><\/figure>\n\n\n\n<p><\/p>\n","protected":false},"excerpt":{"rendered":"<p>Das Landesarbeitsgericht Mainz hat entschieden, dass h\u00e4ufige Kurzerkrankungen eine personenbedingte K\u00fcndigung rechtfertigen k\u00f6nnen. Im konkreten Fall hatte ein Arbeitnehmer \u00fcber drei Jahre hinweg insgesamt 166 Krankheitstage angesammelt. Das Gericht sah darin eine negative Gesundheitsprognose und eine unzumutbare wirtschaftliche Belastung f\u00fcr den Arbeitgeber. Lies mehr dar\u00fcber bei LinkedIn.<\/p>\n","protected":false},"author":1,"featured_media":0,"comment_status":"closed","ping_status":"closed","sticky":false,"template":"","format":"standard","meta":{"footnotes":""},"categories":[1],"tags":[66,40,39],"class_list":["post-2263","post","type-post","status-publish","format-standard","hentry","category-allgemein","tag-66","tag-krankheit","tag-kuendigung"],"_links":{"self":[{"href":"https:\/\/www.partner-atos.de\/index.php?rest_route=\/wp\/v2\/posts\/2263","targetHints":{"allow":["GET"]}}],"collection":[{"href":"https:\/\/www.partner-atos.de\/index.php?rest_route=\/wp\/v2\/posts"}],"about":[{"href":"https:\/\/www.partner-atos.de\/index.php?rest_route=\/wp\/v2\/types\/post"}],"author":[{"embeddable":true,"href":"https:\/\/www.partner-atos.de\/index.php?rest_route=\/wp\/v2\/users\/1"}],"replies":[{"embeddable":true,"href":"https:\/\/www.partner-atos.de\/index.php?rest_route=%2Fwp%2Fv2%2Fcomments&post=2263"}],"version-history":[{"count":2,"href":"https:\/\/www.partner-atos.de\/index.php?rest_route=\/wp\/v2\/posts\/2263\/revisions"}],"predecessor-version":[{"id":2272,"href":"https:\/\/www.partner-atos.de\/index.php?rest_route=\/wp\/v2\/posts\/2263\/revisions\/2272"}],"wp:attachment":[{"href":"https:\/\/www.partner-atos.de\/index.php?rest_route=%2Fwp%2Fv2%2Fmedia&parent=2263"}],"wp:term":[{"taxonomy":"category","embeddable":true,"href":"https:\/\/www.partner-atos.de\/index.php?rest_route=%2Fwp%2Fv2%2Fcategories&post=2263"},{"taxonomy":"post_tag","embeddable":true,"href":"https:\/\/www.partner-atos.de\/index.php?rest_route=%2Fwp%2Fv2%2Ftags&post=2263"}],"curies":[{"name":"wp","href":"https:\/\/api.w.org\/{rel}","templated":true}]}}