{"id":2234,"date":"2025-06-02T08:00:00","date_gmt":"2025-06-02T06:00:00","guid":{"rendered":"https:\/\/www.partner-atos.de\/?p=2234"},"modified":"2025-06-03T10:06:15","modified_gmt":"2025-06-03T08:06:15","slug":"betriebsversammlung-q2-2025","status":"publish","type":"post","link":"https:\/\/www.partner-atos.de\/?p=2234","title":{"rendered":"Betriebsversammlung Q2\/2025"},"content":{"rendered":"\n<p><strong>am Dienstag, 10.06.2025<\/strong> <strong>am Standort F\u00fcrth<\/strong>.<br><br>Die ATOS F\u00fcrth Betriebsversammlung Q2\/2025 findet n\u00e4chste Woche am Dienstag, 10ter Juni von 09:30 Uhr bis 12:00 Uhr direkt am Standort in Geb\u00e4ude A4, 2. OG statt.<\/p>\n\n\n\n<p>Ihr k\u00f6nnt wie immer vorab Fragen per Mail an das BR-Postfach schicken, die selbstverst\u00e4ndlich anonymisiert behandelt werden. Nat\u00fcrlich k\u00f6nnt ihr eure Fragen wie gewohnt aber auch live auf der Versammlung stellen. Weitere Details findet ihr in der offiziellen Einladung.<br><br>Mitbestimmung ist keine Einbahnstra\u00dfe! Viele verlassen sich darauf, dass der Betriebsrat irgendwie alles regelt \u2013 doch echte Ver\u00e4nderung braucht mehr! Mitarbeitende, die aktiv Ideen einbringen und mitgestalten, sorgen f\u00fcr eine bessere Arbeitswelt.<\/p>\n\n\n\n<p>Mitbestimmung beginnt also bei jedem Einzelnen, d.h. Meinung \u00e4u\u00dfern, Vorschl\u00e4ge machen und Initiative ergreifen. Macht mit!<\/p>\n\n\n\n<p>P.S. Am Nachmittag l\u00e4dt ab 14:00 Uhr unser Management zum pers\u00f6nlichen Austausch zur Road Show in F\u00fcrth ein; <strong>es lohnt sich also doppelt, am 10ten an den Standort zu kommen!<\/strong><br><br>Wir von <strong><mark style=\"background-color:rgba(0, 0, 0, 0)\" class=\"has-inline-color has-luminous-vivid-amber-color\">partner@Atos<\/mark><\/strong> freuen uns darauf, euch zahlreich in F\u00fcrth bei der Betriebsversammlung zu begr\u00fc\u00dfen!<\/p>\n\n\n\n<figure class=\"wp-block-image size-medium\"><img loading=\"lazy\" decoding=\"async\" width=\"300\" height=\"300\" src=\"https:\/\/www.partner-atos.de\/wp-content\/uploads\/2025\/05\/BV-300x300.png\" alt=\"\" class=\"wp-image-2238\" srcset=\"https:\/\/www.partner-atos.de\/wp-content\/uploads\/2025\/05\/BV-300x300.png 300w, https:\/\/www.partner-atos.de\/wp-content\/uploads\/2025\/05\/BV-150x150.png 150w, https:\/\/www.partner-atos.de\/wp-content\/uploads\/2025\/05\/BV-768x768.png 768w, https:\/\/www.partner-atos.de\/wp-content\/uploads\/2025\/05\/BV-100x100.png 100w, https:\/\/www.partner-atos.de\/wp-content\/uploads\/2025\/05\/BV.png 1024w\" sizes=\"auto, (max-width: 300px) 100vw, 300px\" \/><\/figure>\n\n\n\n<figure class=\"wp-block-image size-full\"><a href=\"https:\/\/www.linkedin.com\/posts\/konrad-schuhmann-1574702a9_friendly-reminder-die-atos-f%C3%BCrth-betriebsversammlung-activity-7335183404994314242-GquC?utm_source=share&amp;utm_medium=member_desktop&amp;rcm=ACoAAEpI99MBoG-XqkC_VdkSo5y6LkUV5cLQFsw\"><img loading=\"lazy\" decoding=\"async\" width=\"30\" height=\"31\" src=\"https:\/\/www.partner-atos.de\/wp-content\/uploads\/2025\/02\/LinkedIn-Logo-30x30-1.jpg\" alt=\"\" class=\"wp-image-1973\"\/><\/a><\/figure>\n","protected":false},"excerpt":{"rendered":"<p>am Dienstag, 10.06.2025 am Standort F\u00fcrth. Die ATOS F\u00fcrth Betriebsversammlung Q2\/2025 findet n\u00e4chste Woche am Dienstag, 10ter Juni von 09:30 Uhr bis 12:00 Uhr direkt am Standort in Geb\u00e4ude A4, 2. OG statt. Ihr k\u00f6nnt wie immer vorab Fragen per Mail an das BR-Postfach schicken, die selbstverst\u00e4ndlich anonymisiert behandelt werden. Nat\u00fcrlich k\u00f6nnt ihr eure Fragen &hellip; <\/p>\n<p class=\"link-more\"><a href=\"https:\/\/www.partner-atos.de\/?p=2234\" class=\"more-link\"><span class=\"screen-reader-text\">\u201eBetriebsversammlung Q2\/2025\u201c <\/span>weiterlesen<\/a><\/p>\n","protected":false},"author":1,"featured_media":0,"comment_status":"closed","ping_status":"closed","sticky":false,"template":"","format":"standard","meta":{"footnotes":""},"categories":[1],"tags":[],"class_list":["post-2234","post","type-post","status-publish","format-standard","hentry","category-allgemein"],"_links":{"self":[{"href":"https:\/\/www.partner-atos.de\/index.php?rest_route=\/wp\/v2\/posts\/2234","targetHints":{"allow":["GET"]}}],"collection":[{"href":"https:\/\/www.partner-atos.de\/index.php?rest_route=\/wp\/v2\/posts"}],"about":[{"href":"https:\/\/www.partner-atos.de\/index.php?rest_route=\/wp\/v2\/types\/post"}],"author":[{"embeddable":true,"href":"https:\/\/www.partner-atos.de\/index.php?rest_route=\/wp\/v2\/users\/1"}],"replies":[{"embeddable":true,"href":"https:\/\/www.partner-atos.de\/index.php?rest_route=%2Fwp%2Fv2%2Fcomments&post=2234"}],"version-history":[{"count":5,"href":"https:\/\/www.partner-atos.de\/index.php?rest_route=\/wp\/v2\/posts\/2234\/revisions"}],"predecessor-version":[{"id":2242,"href":"https:\/\/www.partner-atos.de\/index.php?rest_route=\/wp\/v2\/posts\/2234\/revisions\/2242"}],"wp:attachment":[{"href":"https:\/\/www.partner-atos.de\/index.php?rest_route=%2Fwp%2Fv2%2Fmedia&parent=2234"}],"wp:term":[{"taxonomy":"category","embeddable":true,"href":"https:\/\/www.partner-atos.de\/index.php?rest_route=%2Fwp%2Fv2%2Fcategories&post=2234"},{"taxonomy":"post_tag","embeddable":true,"href":"https:\/\/www.partner-atos.de\/index.php?rest_route=%2Fwp%2Fv2%2Ftags&post=2234"}],"curies":[{"name":"wp","href":"https:\/\/api.w.org\/{rel}","templated":true}]}}