{"id":2179,"date":"2025-07-08T08:58:39","date_gmt":"2025-07-08T06:58:39","guid":{"rendered":"https:\/\/www.partner-atos.de\/?p=2179"},"modified":"2025-07-30T16:50:47","modified_gmt":"2025-07-30T14:50:47","slug":"viele-der-generation-z-denken-an-jobwechsel","status":"publish","type":"post","link":"https:\/\/www.partner-atos.de\/?p=2179","title":{"rendered":"Viele der Generation Z denken an Jobwechsel"},"content":{"rendered":"\n<p><\/p>\n\n\n\n<p>Eine aktuelle Forsa-Umfrage im Auftrag von Xing zeigt, dass nahezu die H\u00e4lfte der Generation Z (Jahrg\u00e4nge 1997 \u2013 2012) planen, noch in diesem Jahr den Arbeitgeber zu wechseln. Als Hauptgrund f\u00fcr die Wechselbereitschaft wird ein zu niedriges Gehalt angegeben.<\/p>\n\n\n\n<p>Entgegen dem verbreiteten Klischee, dass junge Menschen vor allem nach sinnvoller Arbeit suchen, stehen f\u00fcr sie harte Faktoren wie Bezahlung im Vordergrund.<\/p>\n\n\n\n<p>Generationen \u00fcbergreifend wird Jobsicherheit als wichtiger Faktor bei der Wahl des Arbeitgebers genannt. Trotz einer angespannten wirtschaftlichen Lage und sinkender Zahl offener Stellen bleibt die Wechselbereitschaft hoch.<br><br>F\u00fcr Arbeitgeber bedeutet dies, dass sie sich verst\u00e4rkt mit den Erwartungen und Bed\u00fcrfnissen der j\u00fcngeren Generationen auseinandersetzen m\u00fcssen.<\/p>\n\n\n\n<p>Lies mehr dar\u00fcber bei LinkedIn!<\/p>\n\n\n\n<figure class=\"wp-block-image size-full\"><a href=\"https:\/\/www.linkedin.com\/posts\/konrad-schuhmann-1574702a9_fast-die-h%C3%A4lfte-der-gen-z-will-dieses-jahr-activity-7348229397105016832--3r8?utm_source=share&amp;utm_medium=member_desktop&amp;rcm=ACoAAEpI99MBoG-XqkC_VdkSo5y6LkUV5cLQFsw\"><img loading=\"lazy\" decoding=\"async\" width=\"30\" height=\"31\" src=\"https:\/\/www.partner-atos.de\/wp-content\/uploads\/2025\/02\/LinkedIn-Logo-30x30-1.jpg\" alt=\"\" class=\"wp-image-1973\"\/><\/a><\/figure>\n","protected":false},"excerpt":{"rendered":"<p>Eine aktuelle Forsa-Umfrage im Auftrag von Xing zeigt, dass nahezu die H\u00e4lfte der Generation Z (Jahrg\u00e4nge 1997 \u2013 2012) planen, noch in diesem Jahr den Arbeitgeber zu wechseln. Als Hauptgrund f\u00fcr die Wechselbereitschaft wird ein zu niedriges Gehalt angegeben. Entgegen dem verbreiteten Klischee, dass junge Menschen vor allem nach sinnvoller Arbeit suchen, stehen f\u00fcr sie &hellip; <\/p>\n<p class=\"link-more\"><a href=\"https:\/\/www.partner-atos.de\/?p=2179\" class=\"more-link\"><span class=\"screen-reader-text\">\u201eViele der Generation Z denken an Jobwechsel\u201c <\/span>weiterlesen<\/a><\/p>\n","protected":false},"author":1,"featured_media":0,"comment_status":"closed","ping_status":"closed","sticky":false,"template":"","format":"standard","meta":{"footnotes":""},"categories":[1],"tags":[28,39,34],"class_list":["post-2179","post","type-post","status-publish","format-standard","hentry","category-allgemein","tag-arbeit","tag-kuendigung","tag-wellbeing"],"_links":{"self":[{"href":"https:\/\/www.partner-atos.de\/index.php?rest_route=\/wp\/v2\/posts\/2179","targetHints":{"allow":["GET"]}}],"collection":[{"href":"https:\/\/www.partner-atos.de\/index.php?rest_route=\/wp\/v2\/posts"}],"about":[{"href":"https:\/\/www.partner-atos.de\/index.php?rest_route=\/wp\/v2\/types\/post"}],"author":[{"embeddable":true,"href":"https:\/\/www.partner-atos.de\/index.php?rest_route=\/wp\/v2\/users\/1"}],"replies":[{"embeddable":true,"href":"https:\/\/www.partner-atos.de\/index.php?rest_route=%2Fwp%2Fv2%2Fcomments&post=2179"}],"version-history":[{"count":3,"href":"https:\/\/www.partner-atos.de\/index.php?rest_route=\/wp\/v2\/posts\/2179\/revisions"}],"predecessor-version":[{"id":2253,"href":"https:\/\/www.partner-atos.de\/index.php?rest_route=\/wp\/v2\/posts\/2179\/revisions\/2253"}],"wp:attachment":[{"href":"https:\/\/www.partner-atos.de\/index.php?rest_route=%2Fwp%2Fv2%2Fmedia&parent=2179"}],"wp:term":[{"taxonomy":"category","embeddable":true,"href":"https:\/\/www.partner-atos.de\/index.php?rest_route=%2Fwp%2Fv2%2Fcategories&post=2179"},{"taxonomy":"post_tag","embeddable":true,"href":"https:\/\/www.partner-atos.de\/index.php?rest_route=%2Fwp%2Fv2%2Ftags&post=2179"}],"curies":[{"name":"wp","href":"https:\/\/api.w.org\/{rel}","templated":true}]}}