{"id":1993,"date":"2025-02-14T12:46:16","date_gmt":"2025-02-14T11:46:16","guid":{"rendered":"https:\/\/www.partner-atos.de\/?p=1993"},"modified":"2025-02-28T11:30:01","modified_gmt":"2025-02-28T10:30:01","slug":"workation","status":"publish","type":"post","link":"https:\/\/www.partner-atos.de\/?p=1993","title":{"rendered":"Workation"},"content":{"rendered":"\n<p>Die Grenzen zwischen Arbeit und Freizeit verschwimmen immer mehr \u2013 nach HomeOffice geht der Trend zu Workation \u00fcber \u2013 dem n\u00e4chsten logischen Schritt. Dabei handelt es sich um ein Akronym aus Arbeit (\u201eWork\u201c) und Urlaub (\u201eVacation\u201c).<br><br>Warum also von der n\u00e4chsten Reise tr\u00e4umen, wenn man sie mit der Arbeit verbinden kann? Workation, v.a. im europ\u00e4ischen Ausland, bietet eine perfekte Mischung aus Produktivit\u00e4t und neuen Eindr\u00fccken. Ein Tapetenwechsel kann Wunder f\u00fcr Kreativit\u00e4t, Fokus und Motivation bewirken. Ob am Gardasee, einem StadtCaf\u00e9 in Valencia oder einem \u00f6sterreichischen Bergdorf \u2013 die M\u00f6glichkeiten sind schier endlos.<br><br>Lies den gesamten Artikel und ggf. Kommentare auf LinkedIn<\/p>\n\n\n\n<figure class=\"wp-block-image size-full is-resized\"><a href=\"https:\/\/www.linkedin.com\/posts\/konrad-schuhmann-1574702a9_partneratos-betriebsrat-workation-activity-7296055285008244736-el77?utm_source=share&amp;utm_medium=member_desktop&amp;rcm=ACoAAEpI99MBoG-XqkC_VdkSo5y6LkUV5cLQFsw\"><img loading=\"lazy\" decoding=\"async\" width=\"30\" height=\"31\" src=\"https:\/\/www.partner-atos.de\/wp-content\/uploads\/2025\/02\/LinkedIn-Logo-30x30-1.jpg\" alt=\"\" class=\"wp-image-1973\" style=\"width:31px;height:auto\"\/><\/a><\/figure>\n\n\n\n<p><\/p>\n","protected":false},"excerpt":{"rendered":"<p>Die Grenzen zwischen Arbeit und Freizeit verschwimmen immer mehr \u2013 nach HomeOffice geht der Trend zu Workation \u00fcber \u2013 dem n\u00e4chsten logischen Schritt. Dabei handelt es sich um ein Akronym aus Arbeit (\u201eWork\u201c) und Urlaub (\u201eVacation\u201c). Warum also von der n\u00e4chsten Reise tr\u00e4umen, wenn man sie mit der Arbeit verbinden kann? Workation, v.a. im europ\u00e4ischen &hellip; <\/p>\n<p class=\"link-more\"><a href=\"https:\/\/www.partner-atos.de\/?p=1993\" class=\"more-link\"><span class=\"screen-reader-text\">\u201eWorkation\u201c <\/span>weiterlesen<\/a><\/p>\n","protected":false},"author":1,"featured_media":0,"comment_status":"closed","ping_status":"closed","sticky":false,"template":"","format":"standard","meta":{"footnotes":""},"categories":[1],"tags":[25],"class_list":["post-1993","post","type-post","status-publish","format-standard","hentry","category-allgemein","tag-mobiles-arbeiten"],"_links":{"self":[{"href":"https:\/\/www.partner-atos.de\/index.php?rest_route=\/wp\/v2\/posts\/1993","targetHints":{"allow":["GET"]}}],"collection":[{"href":"https:\/\/www.partner-atos.de\/index.php?rest_route=\/wp\/v2\/posts"}],"about":[{"href":"https:\/\/www.partner-atos.de\/index.php?rest_route=\/wp\/v2\/types\/post"}],"author":[{"embeddable":true,"href":"https:\/\/www.partner-atos.de\/index.php?rest_route=\/wp\/v2\/users\/1"}],"replies":[{"embeddable":true,"href":"https:\/\/www.partner-atos.de\/index.php?rest_route=%2Fwp%2Fv2%2Fcomments&post=1993"}],"version-history":[{"count":3,"href":"https:\/\/www.partner-atos.de\/index.php?rest_route=\/wp\/v2\/posts\/1993\/revisions"}],"predecessor-version":[{"id":1996,"href":"https:\/\/www.partner-atos.de\/index.php?rest_route=\/wp\/v2\/posts\/1993\/revisions\/1996"}],"wp:attachment":[{"href":"https:\/\/www.partner-atos.de\/index.php?rest_route=%2Fwp%2Fv2%2Fmedia&parent=1993"}],"wp:term":[{"taxonomy":"category","embeddable":true,"href":"https:\/\/www.partner-atos.de\/index.php?rest_route=%2Fwp%2Fv2%2Fcategories&post=1993"},{"taxonomy":"post_tag","embeddable":true,"href":"https:\/\/www.partner-atos.de\/index.php?rest_route=%2Fwp%2Fv2%2Ftags&post=1993"}],"curies":[{"name":"wp","href":"https:\/\/api.w.org\/{rel}","templated":true}]}}